{"id":1458,"date":"2020-10-20T09:40:53","date_gmt":"2020-10-20T07:40:53","guid":{"rendered":"https:\/\/www.lafruitiere.com\/neuheiten-gekuehlte-hp-fruchtpuerees\/"},"modified":"2020-10-20T09:40:53","modified_gmt":"2020-10-20T07:40:53","slug":"neuheiten-gekuehlte-hp-fruchtpuerees","status":"publish","type":"post","link":"https:\/\/www.lafruitiere.com\/de\/neuheiten-gekuehlte-hp-fruchtpuerees\/","title":{"rendered":"Neuheiten &#8211; Gek\u00fchlte HP Fruchtp\u00fcrees"},"content":{"rendered":"\n<h2 class=\"wp-block-heading\">Neues Sortiment in verschiedenen Formaten 5\/10\/20 KG sowie ein neues P\u00fcree von Blutorange 100% in der 1kg-Packung.<\/h2>\n\n<p>Eine neue Geschmackrichtung wird in unserem 1kg-Sortiment hinzugef\u00fcgt: Blutorangenp\u00fcree 100%, Ursprung Sizilien. <\/p>\n\n<p>In diesem Jahr 2020 wurde unser Sortiment von gek\u00fchlten HP Fruchtp\u00fcrees in grossen Gebinden auf dem Markt gebracht. Sechs Geschmacksrichtungen ohne Zuckerzusatz erh\u00e4ltlich als 5, 10 und 20 kg.<\/p>\n","protected":false},"excerpt":{"rendered":"<p>Eine neue Verpackung beim gek\u00fchlten HP Sortiment !<\/p>\n","protected":false},"author":2,"featured_media":629,"comment_status":"closed","ping_status":"closed","sticky":false,"template":"","format":"standard","meta":{"_acf_changed":false,"footnotes":""},"categories":[2],"tags":[],"class_list":["post-1458","post","type-post","status-publish","format-standard","has-post-thumbnail","hentry","category-unkategorisiert"],"acf":[],"yoast_head":"<!-- This site is optimized with the Yoast SEO plugin v27.5 - https:\/\/yoast.com\/product\/yoast-seo-wordpress\/ -->\n<title>Neuheiten - Gek\u00fchlte HP Fruchtp\u00fcrees - La Fruiti\u00e8re du Val Evel<\/title>\n<meta name=\"robots\" content=\"index, follow, max-snippet:-1, max-image-preview:large, max-video-preview:-1\" \/>\n<link rel=\"canonical\" href=\"https:\/\/www.lafruitiere.com\/de\/neuheiten-gekuehlte-hp-fruchtpuerees\/\" \/>\n<meta property=\"og:locale\" content=\"de_DE\" \/>\n<meta property=\"og:type\" content=\"article\" \/>\n<meta property=\"og:title\" content=\"Neuheiten - Gek\u00fchlte HP Fruchtp\u00fcrees - La Fruiti\u00e8re du Val Evel\" \/>\n<meta property=\"og:description\" content=\"Eine neue Verpackung beim gek\u00fchlten HP Sortiment !\" \/>\n<meta property=\"og:url\" content=\"https:\/\/www.lafruitiere.com\/de\/neuheiten-gekuehlte-hp-fruchtpuerees\/\" \/>\n<meta property=\"og:site_name\" content=\"La Fruiti\u00e8re du Val Evel\" \/>\n<meta property=\"article:publisher\" content=\"https:\/\/www.facebook.com\/lafruitiere.du.val.evel\/\" \/>\n<meta property=\"article:published_time\" content=\"2020-10-20T07:40:53+00:00\" \/>\n<meta property=\"og:image\" content=\"https:\/\/www.lafruitiere.com\/wp-content\/uploads\/2020\/09\/Puree-FRAMBOISE-100-Frais-HP-1x10kg.jpg\" \/>\n\t<meta property=\"og:image:width\" content=\"800\" \/>\n\t<meta property=\"og:image:height\" content=\"728\" \/>\n\t<meta property=\"og:image:type\" content=\"image\/jpeg\" \/>\n<meta name=\"author\" content=\"Nicolas Emery\" \/>\n<meta name=\"twitter:card\" content=\"summary_large_image\" \/>\n<meta name=\"twitter:creator\" content=\"@la_fruitiere\" \/>\n<meta name=\"twitter:site\" content=\"@la_fruitiere\" \/>\n<meta name=\"twitter:label1\" content=\"Verfasst von\" \/>\n\t<meta name=\"twitter:data1\" content=\"Nicolas Emery\" \/>\n<script type=\"application\/ld+json\" class=\"yoast-schema-graph\">{\"@context\":\"https:\\\/\\\/schema.org\",\"@graph\":[{\"@type\":\"Article\",\"@id\":\"https:\\\/\\\/www.lafruitiere.com\\\/de\\\/neuheiten-gekuehlte-hp-fruchtpuerees\\\/#article\",\"isPartOf\":{\"@id\":\"https:\\\/\\\/www.lafruitiere.com\\\/de\\\/neuheiten-gekuehlte-hp-fruchtpuerees\\\/\"},\"author\":{\"name\":\"Nicolas Emery\",\"@id\":\"https:\\\/\\\/www.lafruitiere.com\\\/de\\\/#\\\/schema\\\/person\\\/5ebb7f3e0c72666e1ed0e5863b6d69c7\"},\"headline\":\"Neuheiten &#8211; Gek\u00fchlte HP Fruchtp\u00fcrees\",\"datePublished\":\"2020-10-20T07:40:53+00:00\",\"mainEntityOfPage\":{\"@id\":\"https:\\\/\\\/www.lafruitiere.com\\\/de\\\/neuheiten-gekuehlte-hp-fruchtpuerees\\\/\"},\"wordCount\":64,\"publisher\":{\"@id\":\"https:\\\/\\\/www.lafruitiere.com\\\/de\\\/#organization\"},\"image\":{\"@id\":\"https:\\\/\\\/www.lafruitiere.com\\\/de\\\/neuheiten-gekuehlte-hp-fruchtpuerees\\\/#primaryimage\"},\"thumbnailUrl\":\"https:\\\/\\\/www.lafruitiere.com\\\/wp-content\\\/uploads\\\/2020\\\/09\\\/Puree-FRAMBOISE-100-Frais-HP-1x10kg.jpg\",\"articleSection\":[\"Unkategorisiert\"],\"inLanguage\":\"de\"},{\"@type\":\"WebPage\",\"@id\":\"https:\\\/\\\/www.lafruitiere.com\\\/de\\\/neuheiten-gekuehlte-hp-fruchtpuerees\\\/\",\"url\":\"https:\\\/\\\/www.lafruitiere.com\\\/de\\\/neuheiten-gekuehlte-hp-fruchtpuerees\\\/\",\"name\":\"Neuheiten - Gek\u00fchlte HP Fruchtp\u00fcrees - La Fruiti\u00e8re du Val Evel\",\"isPartOf\":{\"@id\":\"https:\\\/\\\/www.lafruitiere.com\\\/de\\\/#website\"},\"primaryImageOfPage\":{\"@id\":\"https:\\\/\\\/www.lafruitiere.com\\\/de\\\/neuheiten-gekuehlte-hp-fruchtpuerees\\\/#primaryimage\"},\"image\":{\"@id\":\"https:\\\/\\\/www.lafruitiere.com\\\/de\\\/neuheiten-gekuehlte-hp-fruchtpuerees\\\/#primaryimage\"},\"thumbnailUrl\":\"https:\\\/\\\/www.lafruitiere.com\\\/wp-content\\\/uploads\\\/2020\\\/09\\\/Puree-FRAMBOISE-100-Frais-HP-1x10kg.jpg\",\"datePublished\":\"2020-10-20T07:40:53+00:00\",\"breadcrumb\":{\"@id\":\"https:\\\/\\\/www.lafruitiere.com\\\/de\\\/neuheiten-gekuehlte-hp-fruchtpuerees\\\/#breadcrumb\"},\"inLanguage\":\"de\",\"potentialAction\":[{\"@type\":\"ReadAction\",\"target\":[\"https:\\\/\\\/www.lafruitiere.com\\\/de\\\/neuheiten-gekuehlte-hp-fruchtpuerees\\\/\"]}]},{\"@type\":\"ImageObject\",\"inLanguage\":\"de\",\"@id\":\"https:\\\/\\\/www.lafruitiere.com\\\/de\\\/neuheiten-gekuehlte-hp-fruchtpuerees\\\/#primaryimage\",\"url\":\"https:\\\/\\\/www.lafruitiere.com\\\/wp-content\\\/uploads\\\/2020\\\/09\\\/Puree-FRAMBOISE-100-Frais-HP-1x10kg.jpg\",\"contentUrl\":\"https:\\\/\\\/www.lafruitiere.com\\\/wp-content\\\/uploads\\\/2020\\\/09\\\/Puree-FRAMBOISE-100-Frais-HP-1x10kg.jpg\",\"width\":800,\"height\":728,\"caption\":\"Pur\u00e9e de Framboise r\u00e9frig\u00e9r\u00e9e sans sucre ajout\u00e9 multi format\"},{\"@type\":\"BreadcrumbList\",\"@id\":\"https:\\\/\\\/www.lafruitiere.com\\\/de\\\/neuheiten-gekuehlte-hp-fruchtpuerees\\\/#breadcrumb\",\"itemListElement\":[{\"@type\":\"ListItem\",\"position\":1,\"name\":\"Startseite\",\"item\":\"https:\\\/\\\/www.lafruitiere.com\\\/de\\\/\"},{\"@type\":\"ListItem\",\"position\":2,\"name\":\"Neuheiten &#8211; Gek\u00fchlte HP Fruchtp\u00fcrees\"}]},{\"@type\":\"WebSite\",\"@id\":\"https:\\\/\\\/www.lafruitiere.com\\\/de\\\/#website\",\"url\":\"https:\\\/\\\/www.lafruitiere.com\\\/de\\\/\",\"name\":\"La Fruiti\u00e8re du Val Evel\",\"description\":\"Le go\u00fbt, naturellement\",\"publisher\":{\"@id\":\"https:\\\/\\\/www.lafruitiere.com\\\/de\\\/#organization\"},\"potentialAction\":[{\"@type\":\"SearchAction\",\"target\":{\"@type\":\"EntryPoint\",\"urlTemplate\":\"https:\\\/\\\/www.lafruitiere.com\\\/de\\\/?s={search_term_string}\"},\"query-input\":{\"@type\":\"PropertyValueSpecification\",\"valueRequired\":true,\"valueName\":\"search_term_string\"}}],\"inLanguage\":\"de\"},{\"@type\":\"Organization\",\"@id\":\"https:\\\/\\\/www.lafruitiere.com\\\/de\\\/#organization\",\"name\":\"La Fruiti\u00e8re du Val Evel\",\"url\":\"https:\\\/\\\/www.lafruitiere.com\\\/de\\\/\",\"logo\":{\"@type\":\"ImageObject\",\"inLanguage\":\"de\",\"@id\":\"https:\\\/\\\/www.lafruitiere.com\\\/de\\\/#\\\/schema\\\/logo\\\/image\\\/\",\"url\":\"https:\\\/\\\/www.lafruitiere.com\\\/wp-content\\\/uploads\\\/2020\\\/08\\\/logo-lafruitiere-2017.png\",\"contentUrl\":\"https:\\\/\\\/www.lafruitiere.com\\\/wp-content\\\/uploads\\\/2020\\\/08\\\/logo-lafruitiere-2017.png\",\"width\":232,\"height\":138,\"caption\":\"La Fruiti\u00e8re du Val Evel\"},\"image\":{\"@id\":\"https:\\\/\\\/www.lafruitiere.com\\\/de\\\/#\\\/schema\\\/logo\\\/image\\\/\"},\"sameAs\":[\"https:\\\/\\\/www.facebook.com\\\/lafruitiere.du.val.evel\\\/\",\"https:\\\/\\\/x.com\\\/la_fruitiere\",\"https:\\\/\\\/www.instagram.com\\\/la.fruitiere\\\/?hl=fr\",\"https:\\\/\\\/fr.linkedin.com\\\/company\\\/la-fruiti\u00e8re-du-val-evel\",\"https:\\\/\\\/www.pinterest.fr\\\/la_fruitiere\\\/\",\"https:\\\/\\\/www.youtube.com\\\/channel\\\/UCpwUIbz8Dl2cPKTIn8EgSAQ\"]},{\"@type\":\"Person\",\"@id\":\"https:\\\/\\\/www.lafruitiere.com\\\/de\\\/#\\\/schema\\\/person\\\/5ebb7f3e0c72666e1ed0e5863b6d69c7\",\"name\":\"Nicolas Emery\",\"image\":{\"@type\":\"ImageObject\",\"inLanguage\":\"de\",\"@id\":\"https:\\\/\\\/secure.gravatar.com\\\/avatar\\\/32545b702c1e91130a0069bbb60dc0cea8b0a5efb30b9227cc276be25f9c0c8e?s=96&d=mm&r=g\",\"url\":\"https:\\\/\\\/secure.gravatar.com\\\/avatar\\\/32545b702c1e91130a0069bbb60dc0cea8b0a5efb30b9227cc276be25f9c0c8e?s=96&d=mm&r=g\",\"contentUrl\":\"https:\\\/\\\/secure.gravatar.com\\\/avatar\\\/32545b702c1e91130a0069bbb60dc0cea8b0a5efb30b9227cc276be25f9c0c8e?s=96&d=mm&r=g\",\"caption\":\"Nicolas Emery\"}}]}<\/script>\n<!-- \/ Yoast SEO plugin. -->","yoast_head_json":{"title":"Neuheiten - Gek\u00fchlte HP Fruchtp\u00fcrees - La Fruiti\u00e8re du Val Evel","robots":{"index":"index","follow":"follow","max-snippet":"max-snippet:-1","max-image-preview":"max-image-preview:large","max-video-preview":"max-video-preview:-1"},"canonical":"https:\/\/www.lafruitiere.com\/de\/neuheiten-gekuehlte-hp-fruchtpuerees\/","og_locale":"de_DE","og_type":"article","og_title":"Neuheiten - Gek\u00fchlte HP Fruchtp\u00fcrees - La Fruiti\u00e8re du Val Evel","og_description":"Eine neue Verpackung beim gek\u00fchlten HP Sortiment !","og_url":"https:\/\/www.lafruitiere.com\/de\/neuheiten-gekuehlte-hp-fruchtpuerees\/","og_site_name":"La Fruiti\u00e8re du Val Evel","article_publisher":"https:\/\/www.facebook.com\/lafruitiere.du.val.evel\/","article_published_time":"2020-10-20T07:40:53+00:00","og_image":[{"width":800,"height":728,"url":"https:\/\/www.lafruitiere.com\/wp-content\/uploads\/2020\/09\/Puree-FRAMBOISE-100-Frais-HP-1x10kg.jpg","type":"image\/jpeg"}],"author":"Nicolas Emery","twitter_card":"summary_large_image","twitter_creator":"@la_fruitiere","twitter_site":"@la_fruitiere","twitter_misc":{"Verfasst von":"Nicolas Emery"},"schema":{"@context":"https:\/\/schema.org","@graph":[{"@type":"Article","@id":"https:\/\/www.lafruitiere.com\/de\/neuheiten-gekuehlte-hp-fruchtpuerees\/#article","isPartOf":{"@id":"https:\/\/www.lafruitiere.com\/de\/neuheiten-gekuehlte-hp-fruchtpuerees\/"},"author":{"name":"Nicolas Emery","@id":"https:\/\/www.lafruitiere.com\/de\/#\/schema\/person\/5ebb7f3e0c72666e1ed0e5863b6d69c7"},"headline":"Neuheiten &#8211; Gek\u00fchlte HP Fruchtp\u00fcrees","datePublished":"2020-10-20T07:40:53+00:00","mainEntityOfPage":{"@id":"https:\/\/www.lafruitiere.com\/de\/neuheiten-gekuehlte-hp-fruchtpuerees\/"},"wordCount":64,"publisher":{"@id":"https:\/\/www.lafruitiere.com\/de\/#organization"},"image":{"@id":"https:\/\/www.lafruitiere.com\/de\/neuheiten-gekuehlte-hp-fruchtpuerees\/#primaryimage"},"thumbnailUrl":"https:\/\/www.lafruitiere.com\/wp-content\/uploads\/2020\/09\/Puree-FRAMBOISE-100-Frais-HP-1x10kg.jpg","articleSection":["Unkategorisiert"],"inLanguage":"de"},{"@type":"WebPage","@id":"https:\/\/www.lafruitiere.com\/de\/neuheiten-gekuehlte-hp-fruchtpuerees\/","url":"https:\/\/www.lafruitiere.com\/de\/neuheiten-gekuehlte-hp-fruchtpuerees\/","name":"Neuheiten - Gek\u00fchlte HP Fruchtp\u00fcrees - La Fruiti\u00e8re du Val Evel","isPartOf":{"@id":"https:\/\/www.lafruitiere.com\/de\/#website"},"primaryImageOfPage":{"@id":"https:\/\/www.lafruitiere.com\/de\/neuheiten-gekuehlte-hp-fruchtpuerees\/#primaryimage"},"image":{"@id":"https:\/\/www.lafruitiere.com\/de\/neuheiten-gekuehlte-hp-fruchtpuerees\/#primaryimage"},"thumbnailUrl":"https:\/\/www.lafruitiere.com\/wp-content\/uploads\/2020\/09\/Puree-FRAMBOISE-100-Frais-HP-1x10kg.jpg","datePublished":"2020-10-20T07:40:53+00:00","breadcrumb":{"@id":"https:\/\/www.lafruitiere.com\/de\/neuheiten-gekuehlte-hp-fruchtpuerees\/#breadcrumb"},"inLanguage":"de","potentialAction":[{"@type":"ReadAction","target":["https:\/\/www.lafruitiere.com\/de\/neuheiten-gekuehlte-hp-fruchtpuerees\/"]}]},{"@type":"ImageObject","inLanguage":"de","@id":"https:\/\/www.lafruitiere.com\/de\/neuheiten-gekuehlte-hp-fruchtpuerees\/#primaryimage","url":"https:\/\/www.lafruitiere.com\/wp-content\/uploads\/2020\/09\/Puree-FRAMBOISE-100-Frais-HP-1x10kg.jpg","contentUrl":"https:\/\/www.lafruitiere.com\/wp-content\/uploads\/2020\/09\/Puree-FRAMBOISE-100-Frais-HP-1x10kg.jpg","width":800,"height":728,"caption":"Pur\u00e9e de Framboise r\u00e9frig\u00e9r\u00e9e sans sucre ajout\u00e9 multi format"},{"@type":"BreadcrumbList","@id":"https:\/\/www.lafruitiere.com\/de\/neuheiten-gekuehlte-hp-fruchtpuerees\/#breadcrumb","itemListElement":[{"@type":"ListItem","position":1,"name":"Startseite","item":"https:\/\/www.lafruitiere.com\/de\/"},{"@type":"ListItem","position":2,"name":"Neuheiten &#8211; Gek\u00fchlte HP Fruchtp\u00fcrees"}]},{"@type":"WebSite","@id":"https:\/\/www.lafruitiere.com\/de\/#website","url":"https:\/\/www.lafruitiere.com\/de\/","name":"La Fruiti\u00e8re du Val Evel","description":"Le go\u00fbt, naturellement","publisher":{"@id":"https:\/\/www.lafruitiere.com\/de\/#organization"},"potentialAction":[{"@type":"SearchAction","target":{"@type":"EntryPoint","urlTemplate":"https:\/\/www.lafruitiere.com\/de\/?s={search_term_string}"},"query-input":{"@type":"PropertyValueSpecification","valueRequired":true,"valueName":"search_term_string"}}],"inLanguage":"de"},{"@type":"Organization","@id":"https:\/\/www.lafruitiere.com\/de\/#organization","name":"La Fruiti\u00e8re du Val Evel","url":"https:\/\/www.lafruitiere.com\/de\/","logo":{"@type":"ImageObject","inLanguage":"de","@id":"https:\/\/www.lafruitiere.com\/de\/#\/schema\/logo\/image\/","url":"https:\/\/www.lafruitiere.com\/wp-content\/uploads\/2020\/08\/logo-lafruitiere-2017.png","contentUrl":"https:\/\/www.lafruitiere.com\/wp-content\/uploads\/2020\/08\/logo-lafruitiere-2017.png","width":232,"height":138,"caption":"La Fruiti\u00e8re du Val Evel"},"image":{"@id":"https:\/\/www.lafruitiere.com\/de\/#\/schema\/logo\/image\/"},"sameAs":["https:\/\/www.facebook.com\/lafruitiere.du.val.evel\/","https:\/\/x.com\/la_fruitiere","https:\/\/www.instagram.com\/la.fruitiere\/?hl=fr","https:\/\/fr.linkedin.com\/company\/la-fruiti\u00e8re-du-val-evel","https:\/\/www.pinterest.fr\/la_fruitiere\/","https:\/\/www.youtube.com\/channel\/UCpwUIbz8Dl2cPKTIn8EgSAQ"]},{"@type":"Person","@id":"https:\/\/www.lafruitiere.com\/de\/#\/schema\/person\/5ebb7f3e0c72666e1ed0e5863b6d69c7","name":"Nicolas Emery","image":{"@type":"ImageObject","inLanguage":"de","@id":"https:\/\/secure.gravatar.com\/avatar\/32545b702c1e91130a0069bbb60dc0cea8b0a5efb30b9227cc276be25f9c0c8e?s=96&d=mm&r=g","url":"https:\/\/secure.gravatar.com\/avatar\/32545b702c1e91130a0069bbb60dc0cea8b0a5efb30b9227cc276be25f9c0c8e?s=96&d=mm&r=g","contentUrl":"https:\/\/secure.gravatar.com\/avatar\/32545b702c1e91130a0069bbb60dc0cea8b0a5efb30b9227cc276be25f9c0c8e?s=96&d=mm&r=g","caption":"Nicolas Emery"}}]}},"_links":{"self":[{"href":"https:\/\/www.lafruitiere.com\/de\/wp-json\/wp\/v2\/posts\/1458","targetHints":{"allow":["GET"]}}],"collection":[{"href":"https:\/\/www.lafruitiere.com\/de\/wp-json\/wp\/v2\/posts"}],"about":[{"href":"https:\/\/www.lafruitiere.com\/de\/wp-json\/wp\/v2\/types\/post"}],"author":[{"embeddable":true,"href":"https:\/\/www.lafruitiere.com\/de\/wp-json\/wp\/v2\/users\/2"}],"replies":[{"embeddable":true,"href":"https:\/\/www.lafruitiere.com\/de\/wp-json\/wp\/v2\/comments?post=1458"}],"version-history":[{"count":1,"href":"https:\/\/www.lafruitiere.com\/de\/wp-json\/wp\/v2\/posts\/1458\/revisions"}],"predecessor-version":[{"id":1459,"href":"https:\/\/www.lafruitiere.com\/de\/wp-json\/wp\/v2\/posts\/1458\/revisions\/1459"}],"wp:featuredmedia":[{"embeddable":true,"href":"https:\/\/www.lafruitiere.com\/de\/wp-json\/wp\/v2\/media\/629"}],"wp:attachment":[{"href":"https:\/\/www.lafruitiere.com\/de\/wp-json\/wp\/v2\/media?parent=1458"}],"wp:term":[{"taxonomy":"category","embeddable":true,"href":"https:\/\/www.lafruitiere.com\/de\/wp-json\/wp\/v2\/categories?post=1458"},{"taxonomy":"post_tag","embeddable":true,"href":"https:\/\/www.lafruitiere.com\/de\/wp-json\/wp\/v2\/tags?post=1458"}],"curies":[{"name":"wp","href":"https:\/\/api.w.org\/{rel}","templated":true}]}}